{"id":90,"date":"2017-09-14T18:43:55","date_gmt":"2017-09-14T18:43:55","guid":{"rendered":"http:\/\/www.cinemorelos.com\/blog\/?p=90"},"modified":"2017-09-14T18:43:55","modified_gmt":"2017-09-14T18:43:55","slug":"tempestad-la-apuesta-de-mexico-para-los-oscar-y-goya-2018","status":"publish","type":"post","link":"http:\/\/www.cinemorelos.com\/blog\/2017\/09\/14\/tempestad-la-apuesta-de-mexico-para-los-oscar-y-goya-2018.htm","title":{"rendered":"Tempestad: la apuesta de M\u00e9xico para los Oscar y Goya 2018"},"content":{"rendered":"<p>La pel\u00edcula Tempestad, de la directora Tatiana Huezo, ha sido seleccionada para ser la representante de M\u00e9xico en los Oscar y Goya en su edici\u00f3n del pr\u00f3ximo a\u00f1o.<\/p>\n<p><img loading=\"lazy\" class=\"aligncenter size-full wp-image-92\" src=\"http:\/\/www.cinemorelos.com\/blog\/wp-content\/uploads\/2017\/09\/tempestad-tatiana-huezo-still.jpg\" alt=\"tempestad tatiana huezo still\" width=\"1280\" height=\"720\" srcset=\"http:\/\/www.cinemorelos.com\/blog\/wp-content\/uploads\/2017\/09\/tempestad-tatiana-huezo-still.jpg 1280w, http:\/\/www.cinemorelos.com\/blog\/wp-content\/uploads\/2017\/09\/tempestad-tatiana-huezo-still-300x169.jpg 300w, http:\/\/www.cinemorelos.com\/blog\/wp-content\/uploads\/2017\/09\/tempestad-tatiana-huezo-still-768x432.jpg 768w, http:\/\/www.cinemorelos.com\/blog\/wp-content\/uploads\/2017\/09\/tempestad-tatiana-huezo-still-1024x576.jpg 1024w\" sizes=\"(max-width: 1280px) 100vw, 1280px\" \/><\/p>\n<p>En el Cine Morelos se estuvo proyectando durante varias semanas esta pel\u00edcula y en CineMorelos.com les estuvimos haciendo la invitaci\u00f3n para que asistieran a verla. La pel\u00edcula no gener\u00f3 mucho inter\u00e9s entre el p\u00fablico a pesar de que estuvo varias semanas en cartelera.<\/p>\n<blockquote><p>La directora, Tatiana Huezo estuvo presente en la conferencia de prensa de la <em>Academia<\/em>, donde despu\u00e9s del anunci\u00f3 dijo unas palabras: \u00abRepresenta un tiempo nuestro, un tiempo de impunidad y de violencia. Lo hace a trav\u00e9s de dos mujeres\u2026 y ese es tambi\u00e9n el rostro de M\u00e9xico\u00bb.<\/p><\/blockquote>\n<p>La\u00a0Academia Mexicana de Artes y Ciencias Cinematogr\u00e1ficas dio a conocer este mi\u00e9rcoles 13 de septiembre, que le apuestan a que esta pel\u00edcula busque una nominaci\u00f3n en los premios antes mencionados.<\/p>\n<p><!--more--><\/p>\n<p>La pel\u00edcula de Tatiana Huezo, se hizo acreedora a un Ariel 2017 en la categor\u00eda a Mejor Direcci\u00f3n. Adem\u00e1s, ha recorrido m\u00e1s de 80 festivales desde su estreno en febrero 2016 y ha recibido 30 reconocimientos.<\/p>\n<p><img loading=\"lazy\" class=\"aligncenter size-full wp-image-93\" src=\"http:\/\/www.cinemorelos.com\/blog\/wp-content\/uploads\/2017\/09\/tatiana-huezo-premios-ariel.jpg\" alt=\"tatiana huezo premios ariel\" width=\"1200\" height=\"750\" srcset=\"http:\/\/www.cinemorelos.com\/blog\/wp-content\/uploads\/2017\/09\/tatiana-huezo-premios-ariel.jpg 1200w, http:\/\/www.cinemorelos.com\/blog\/wp-content\/uploads\/2017\/09\/tatiana-huezo-premios-ariel-300x188.jpg 300w, http:\/\/www.cinemorelos.com\/blog\/wp-content\/uploads\/2017\/09\/tatiana-huezo-premios-ariel-768x480.jpg 768w, http:\/\/www.cinemorelos.com\/blog\/wp-content\/uploads\/2017\/09\/tatiana-huezo-premios-ariel-1024x640.jpg 1024w\" sizes=\"(max-width: 1200px) 100vw, 1200px\" \/><\/p>\n<p>Con la selecci\u00f3n, se busca que la cinta participe en las categor\u00edas de Mejor Pel\u00edcula Extranjera en los Oscar y Mejor Pel\u00edcula Iberoamericana en los premios Goya.<\/p>\n<p>Las nominaciones al Oscar ser\u00e1n anunciadas el 23 de enero de 2018 para que la premiaci\u00f3n se lleve a cabo el 4 de marzo en el Dolby Theatre en Los \u00c1ngeles. Los Goya, por otra parte, suelen entregarse en febrero, sin embargo todav\u00eda no hay una fecha confirmada ni de las nominaciones o del evento como tal.<\/p>\n<p>Esperamos que te hayas dado la oportunidad de ver esta pel\u00edcula, <a href=\"http:\/\/www.cinemorelos.com\/peliculas\/tempestad-tatiana-huezo.htm\">ac\u00e1 puedes conocer m\u00e1s sobre la ficha t\u00e9cnica de la pel\u00edcula y ver el t\u0155ailer de Tempestad<\/a>.<\/p>\n","protected":false},"excerpt":{"rendered":"<p>La pel\u00edcula Tempestad, de la directora Tatiana Huezo, ha sido seleccionada para ser la representante de M\u00e9xico en los Oscar y Goya en su edici\u00f3n del pr\u00f3ximo a\u00f1o.<\/p>\n","protected":false},"author":1,"featured_media":91,"comment_status":"open","ping_status":"open","sticky":false,"template":"","format":"standard","meta":[],"categories":[2],"tags":[],"_links":{"self":[{"href":"http:\/\/www.cinemorelos.com\/blog\/wp-json\/wp\/v2\/posts\/90"}],"collection":[{"href":"http:\/\/www.cinemorelos.com\/blog\/wp-json\/wp\/v2\/posts"}],"about":[{"href":"http:\/\/www.cinemorelos.com\/blog\/wp-json\/wp\/v2\/types\/post"}],"author":[{"embeddable":true,"href":"http:\/\/www.cinemorelos.com\/blog\/wp-json\/wp\/v2\/users\/1"}],"replies":[{"embeddable":true,"href":"http:\/\/www.cinemorelos.com\/blog\/wp-json\/wp\/v2\/comments?post=90"}],"version-history":[{"count":1,"href":"http:\/\/www.cinemorelos.com\/blog\/wp-json\/wp\/v2\/posts\/90\/revisions"}],"predecessor-version":[{"id":94,"href":"http:\/\/www.cinemorelos.com\/blog\/wp-json\/wp\/v2\/posts\/90\/revisions\/94"}],"wp:featuredmedia":[{"embeddable":true,"href":"http:\/\/www.cinemorelos.com\/blog\/wp-json\/wp\/v2\/media\/91"}],"wp:attachment":[{"href":"http:\/\/www.cinemorelos.com\/blog\/wp-json\/wp\/v2\/media?parent=90"}],"wp:term":[{"taxonomy":"category","embeddable":true,"href":"http:\/\/www.cinemorelos.com\/blog\/wp-json\/wp\/v2\/categories?post=90"},{"taxonomy":"post_tag","embeddable":true,"href":"http:\/\/www.cinemorelos.com\/blog\/wp-json\/wp\/v2\/tags?post=90"}],"curies":[{"name":"wp","href":"https:\/\/api.w.org\/{rel}","templated":true}]}}