{"id":60,"date":"2017-08-25T06:35:48","date_gmt":"2017-08-25T06:35:48","guid":{"rendered":"http:\/\/www.cinemorelos.com\/blog\/?p=60"},"modified":"2017-08-25T06:36:58","modified_gmt":"2017-08-25T06:36:58","slug":"premier-un-viaje-por-la-paz","status":"publish","type":"post","link":"http:\/\/www.cinemorelos.com\/blog\/2017\/08\/25\/premier-un-viaje-por-la-paz.htm","title":{"rendered":"[PREMIER] Un viaje por la paz"},"content":{"rendered":"<p>Nos complace anunciar la PREMIER de la pel\u00edcula <em>Un viaje por la paz<\/em> (The Journey). Participa y gana tus accesos. Se realizar\u00e1 en Cin\u00e9polis Galerias Cuernavaca.<\/p>\n<p><img loading=\"lazy\" class=\"aligncenter size-full wp-image-61\" src=\"http:\/\/www.cinemorelos.com\/blog\/wp-content\/uploads\/2017\/08\/un-viaje-por-la-paz.jpg\" alt=\"un viaje por la paz\" width=\"1499\" height=\"1000\" srcset=\"http:\/\/www.cinemorelos.com\/blog\/wp-content\/uploads\/2017\/08\/un-viaje-por-la-paz.jpg 1499w, http:\/\/www.cinemorelos.com\/blog\/wp-content\/uploads\/2017\/08\/un-viaje-por-la-paz-300x200.jpg 300w, http:\/\/www.cinemorelos.com\/blog\/wp-content\/uploads\/2017\/08\/un-viaje-por-la-paz-768x512.jpg 768w, http:\/\/www.cinemorelos.com\/blog\/wp-content\/uploads\/2017\/08\/un-viaje-por-la-paz-1024x683.jpg 1024w\" sizes=\"(max-width: 1499px) 100vw, 1499px\" \/><\/p>\n<p>La trama de este largometraje se basa en hechos reales ocurridos en el a\u00f1o 2006, en medio de un conflicto armado\u00a0en Irlanda del Norte conocido como \u00abThe Troubles\u00bb (literalmente \u00abLos Problemas\u00bb). Aqu\u00ed, los representantes de los dos bandos del espectro pol\u00edtico de este pa\u00eds se juntar\u00e1n para cambiar la historia. De un lado est\u00e1\u00a0Ian Paisley (Timothy Spall), el profundamente conservador brit\u00e1nico, y\u00a0del otro est\u00e1 Martin McGuinness (Meaney), el antiguo l\u00edder del ej\u00e9rcito republicano quien ha dedicado su vida a la causa de la re-unificaci\u00f3n irlandesa. Opuestos en todos los sentidos, la primera vez que se conocen parece haber muy poca esperanza de que lleguen a un acuerdo. Pero en el trayecto de un viaje en autom\u00f3vil\u00a0por los campos escoceses, cada uno ve al otro menos como enemigo y m\u00e1s como individuo, un avance que promete que la paz llegue a la regi\u00f3n.<\/p>\n<p><img loading=\"lazy\" class=\"aligncenter size-full wp-image-62\" src=\"http:\/\/www.cinemorelos.com\/blog\/wp-content\/uploads\/2017\/08\/still-the-journey-un-viaje-por-la-paz.jpg\" alt=\"still the journey un viaje por la paz\" width=\"1200\" height=\"500\" srcset=\"http:\/\/www.cinemorelos.com\/blog\/wp-content\/uploads\/2017\/08\/still-the-journey-un-viaje-por-la-paz.jpg 1200w, http:\/\/www.cinemorelos.com\/blog\/wp-content\/uploads\/2017\/08\/still-the-journey-un-viaje-por-la-paz-300x125.jpg 300w, http:\/\/www.cinemorelos.com\/blog\/wp-content\/uploads\/2017\/08\/still-the-journey-un-viaje-por-la-paz-768x320.jpg 768w, http:\/\/www.cinemorelos.com\/blog\/wp-content\/uploads\/2017\/08\/still-the-journey-un-viaje-por-la-paz-1024x427.jpg 1024w\" sizes=\"(max-width: 1200px) 100vw, 1200px\" \/><\/p>\n<p>Y la mejor parte de esta noticia es que la PREMIER ser\u00e1 para los cin\u00e9filos y\u00a0cin\u00e9filas de la comunidad de CineMorelos.com, para ganar tus accesos deber\u00e1s de participar en las sencillas din\u00e1micas el d\u00eda lunes 28 de este mes, que publicaremos a trav\u00e9s de nuestras redes sociales oficiales.<\/p>\n<ul>\n<li>Facebook <a href=\"http:\/\/fb.com\/cinemorelos\">fb.com\/cinemorelos<\/a><\/li>\n<li>Twitter <a href=\"http:\/\/twitter.com\/elcinemorelos\">twitter.com\/elcinemorelos<\/a><\/li>\n<\/ul>\n<p>Si deseas m\u00e1s informaci\u00f3n de la pel\u00edcula puedes consultarla en:<\/p>\n<ul>\n<li><a href=\"http:\/\/www.cinemorelos.com\/peliculas\/un-viaje-por-la-paz-nick-hamm.htm\">http:\/\/www.cinemorelos.com\/peliculas\/un-viaje-por-la-paz-nick-hamm.htm<\/a><\/li>\n<\/ul>\n<p><img loading=\"lazy\" class=\"aligncenter size-full wp-image-63\" src=\"http:\/\/www.cinemorelos.com\/blog\/wp-content\/uploads\/2017\/08\/un-viaje-por-la-paz-still-the-journey.jpg\" alt=\"un viaje por la paz still the journey\" width=\"600\" height=\"399\" srcset=\"http:\/\/www.cinemorelos.com\/blog\/wp-content\/uploads\/2017\/08\/un-viaje-por-la-paz-still-the-journey.jpg 600w, http:\/\/www.cinemorelos.com\/blog\/wp-content\/uploads\/2017\/08\/un-viaje-por-la-paz-still-the-journey-300x200.jpg 300w\" sizes=\"(max-width: 600px) 100vw, 600px\" \/><\/p>\n","protected":false},"excerpt":{"rendered":"<p>Nos complace anunciar la PREMIER de la pel\u00edcula <em>Un viaje por la paz<\/em> (The Journey). Participa y gana tus accesos. Se realizar\u00e1 en Cin\u00e9polis Galerias Cuernavaca.<\/p>\n","protected":false},"author":1,"featured_media":61,"comment_status":"open","ping_status":"open","sticky":false,"template":"","format":"standard","meta":[],"categories":[2],"tags":[],"_links":{"self":[{"href":"http:\/\/www.cinemorelos.com\/blog\/wp-json\/wp\/v2\/posts\/60"}],"collection":[{"href":"http:\/\/www.cinemorelos.com\/blog\/wp-json\/wp\/v2\/posts"}],"about":[{"href":"http:\/\/www.cinemorelos.com\/blog\/wp-json\/wp\/v2\/types\/post"}],"author":[{"embeddable":true,"href":"http:\/\/www.cinemorelos.com\/blog\/wp-json\/wp\/v2\/users\/1"}],"replies":[{"embeddable":true,"href":"http:\/\/www.cinemorelos.com\/blog\/wp-json\/wp\/v2\/comments?post=60"}],"version-history":[{"count":2,"href":"http:\/\/www.cinemorelos.com\/blog\/wp-json\/wp\/v2\/posts\/60\/revisions"}],"predecessor-version":[{"id":65,"href":"http:\/\/www.cinemorelos.com\/blog\/wp-json\/wp\/v2\/posts\/60\/revisions\/65"}],"wp:featuredmedia":[{"embeddable":true,"href":"http:\/\/www.cinemorelos.com\/blog\/wp-json\/wp\/v2\/media\/61"}],"wp:attachment":[{"href":"http:\/\/www.cinemorelos.com\/blog\/wp-json\/wp\/v2\/media?parent=60"}],"wp:term":[{"taxonomy":"category","embeddable":true,"href":"http:\/\/www.cinemorelos.com\/blog\/wp-json\/wp\/v2\/categories?post=60"},{"taxonomy":"post_tag","embeddable":true,"href":"http:\/\/www.cinemorelos.com\/blog\/wp-json\/wp\/v2\/tags?post=60"}],"curies":[{"name":"wp","href":"https:\/\/api.w.org\/{rel}","templated":true}]}}