{"id":53,"date":"2017-08-25T05:34:47","date_gmt":"2017-08-25T05:34:47","guid":{"rendered":"http:\/\/www.cinemorelos.com\/blog\/?p=53"},"modified":"2017-08-25T05:34:47","modified_gmt":"2017-08-25T05:34:47","slug":"se-realizo-funcion-especial-del-show-de-franco-escamilla","status":"publish","type":"post","link":"http:\/\/www.cinemorelos.com\/blog\/2017\/08\/25\/se-realizo-funcion-especial-del-show-de-franco-escamilla.htm","title":{"rendered":"Se realiz\u00f3 funci\u00f3n especial del show de Franco Escamilla"},"content":{"rendered":"<p>Seguidores del\u00a0<em>standupero<\/em> se dieron cita en Cin\u00e9polis Galerias Cuernavaca para disfrutar de la <em>pel\u00edcula-grabaci\u00f3n<\/em> del show que el comediante ofreci\u00f3 en el Auditorio Nacional, titulada:\u00a0<a href=\"http:\/\/www.cinemorelos.com\/peliculas\/franco-escamilla-show-y-ya-desde-el-auditorio.htm\">Franco Escamilla: Show y ya! Desde el Auditorio<\/a>.<\/p>\n<p><img loading=\"lazy\" class=\"aligncenter size-full wp-image-55\" src=\"http:\/\/www.cinemorelos.com\/blog\/wp-content\/uploads\/2017\/08\/franco-escamilla-pelicula-show-cine.jpg\" alt=\"franco escamilla pelicula show cine\" width=\"1594\" height=\"1107\" srcset=\"http:\/\/www.cinemorelos.com\/blog\/wp-content\/uploads\/2017\/08\/franco-escamilla-pelicula-show-cine.jpg 1594w, http:\/\/www.cinemorelos.com\/blog\/wp-content\/uploads\/2017\/08\/franco-escamilla-pelicula-show-cine-300x208.jpg 300w, http:\/\/www.cinemorelos.com\/blog\/wp-content\/uploads\/2017\/08\/franco-escamilla-pelicula-show-cine-768x533.jpg 768w, http:\/\/www.cinemorelos.com\/blog\/wp-content\/uploads\/2017\/08\/franco-escamilla-pelicula-show-cine-1024x711.jpg 1024w\" sizes=\"(max-width: 1594px) 100vw, 1594px\" \/><\/p>\n<p>A pesar de haber sido una funci\u00f3n especial organizada unas horas antes de realizarse, los seguidores de Franco Escamilla no dejaron de pasar la oportunidad de ver antes de que se ponga oficialmente en cartelera este fin de semana, la grabaci\u00f3n de uno de sus shows m\u00e1s importantes que ofreci\u00f3 en ni m\u00e1s ni menos que en el Auditorio Nacional.<\/p>\n<p><!--more--><\/p>\n<p><img loading=\"lazy\" class=\"aligncenter size-full wp-image-57\" src=\"http:\/\/www.cinemorelos.com\/blog\/wp-content\/uploads\/2017\/08\/asistentes-funcion-franco-escamilla.jpg\" alt=\"asistentes funcion franco escamilla\" width=\"800\" height=\"600\" srcset=\"http:\/\/www.cinemorelos.com\/blog\/wp-content\/uploads\/2017\/08\/asistentes-funcion-franco-escamilla.jpg 800w, http:\/\/www.cinemorelos.com\/blog\/wp-content\/uploads\/2017\/08\/asistentes-funcion-franco-escamilla-300x225.jpg 300w, http:\/\/www.cinemorelos.com\/blog\/wp-content\/uploads\/2017\/08\/asistentes-funcion-franco-escamilla-768x576.jpg 768w\" sizes=\"(max-width: 800px) 100vw, 800px\" \/><\/p>\n<p>Por 111 minutos, los asistentes estuvieron atentos al mismo tiempo que re\u00edan y disfrutaban de la comedia de este conocido personaje, qui\u00e9n es por cierto, originario de Cuautla Morelos.<\/p>\n<p><img loading=\"lazy\" class=\"aligncenter size-full wp-image-56\" src=\"http:\/\/www.cinemorelos.com\/blog\/wp-content\/uploads\/2017\/08\/franco-escamilla-tweet-cuautla-morelos-nuevo-leon-twitter.jpg\" alt=\"franco escamilla tweet cuautla morelos nuevo leon twitter\" width=\"585\" height=\"249\" srcset=\"http:\/\/www.cinemorelos.com\/blog\/wp-content\/uploads\/2017\/08\/franco-escamilla-tweet-cuautla-morelos-nuevo-leon-twitter.jpg 585w, http:\/\/www.cinemorelos.com\/blog\/wp-content\/uploads\/2017\/08\/franco-escamilla-tweet-cuautla-morelos-nuevo-leon-twitter-300x128.jpg 300w\" sizes=\"(max-width: 585px) 100vw, 585px\" \/><\/p>\n<p>Sin m\u00e1s que agregar, agradecemos a los asistentes a la funci\u00f3n y a Cin\u00e9polis Distribuci\u00f3n por la invitaci\u00f3n para la comunidad de CineMorelos.com<\/p>\n<p><img loading=\"lazy\" class=\"aligncenter size-full wp-image-58\" src=\"http:\/\/www.cinemorelos.com\/blog\/wp-content\/uploads\/2017\/08\/foto-pelicula-franco-escamilla.jpg\" alt=\"foto pelicula franco escamilla\" width=\"800\" height=\"600\" srcset=\"http:\/\/www.cinemorelos.com\/blog\/wp-content\/uploads\/2017\/08\/foto-pelicula-franco-escamilla.jpg 800w, http:\/\/www.cinemorelos.com\/blog\/wp-content\/uploads\/2017\/08\/foto-pelicula-franco-escamilla-300x225.jpg 300w, http:\/\/www.cinemorelos.com\/blog\/wp-content\/uploads\/2017\/08\/foto-pelicula-franco-escamilla-768x576.jpg 768w\" sizes=\"(max-width: 800px) 100vw, 800px\" \/><\/p>\n<p>Si deseas informarte y participar en nuestras pr\u00f3ximas PREMIERs y FUNCIONES ESPECIALES, no dudes en seguirnos a trav\u00e9s de nuestras redes sociales oficiales en:<\/p>\n<ul>\n<li>Facebook <a href=\"http:\/\/fb.com\/cinemorelos\">fb.com\/cinemorelos<\/a><\/li>\n<li>Twitter <a href=\"http:\/\/twitter.com\/elcinemorelos\">twitter.com\/elcinemorelos<\/a><\/li>\n<\/ul>\n<p>&nbsp;<\/p>\n","protected":false},"excerpt":{"rendered":"<p>Seguidores del\u00a0<em>standupero<\/em> se dieron cita en Cin\u00e9polis Galerias Cuernavaca para disfrutar de la <em>pel\u00edcula-grabaci\u00f3n<\/em> del show que el comediante ofreci\u00f3 en el Auditorio Nacional, titulada:\u00a0<a href=\"http:\/\/www.cinemorelos.com\/peliculas\/franco-escamilla-show-y-ya-desde-el-auditorio.htm\">Franco Escamilla: Show y ya! Desde el Auditorio<\/a>.<\/p>\n","protected":false},"author":1,"featured_media":55,"comment_status":"open","ping_status":"open","sticky":false,"template":"","format":"standard","meta":[],"categories":[2],"tags":[],"_links":{"self":[{"href":"http:\/\/www.cinemorelos.com\/blog\/wp-json\/wp\/v2\/posts\/53"}],"collection":[{"href":"http:\/\/www.cinemorelos.com\/blog\/wp-json\/wp\/v2\/posts"}],"about":[{"href":"http:\/\/www.cinemorelos.com\/blog\/wp-json\/wp\/v2\/types\/post"}],"author":[{"embeddable":true,"href":"http:\/\/www.cinemorelos.com\/blog\/wp-json\/wp\/v2\/users\/1"}],"replies":[{"embeddable":true,"href":"http:\/\/www.cinemorelos.com\/blog\/wp-json\/wp\/v2\/comments?post=53"}],"version-history":[{"count":1,"href":"http:\/\/www.cinemorelos.com\/blog\/wp-json\/wp\/v2\/posts\/53\/revisions"}],"predecessor-version":[{"id":59,"href":"http:\/\/www.cinemorelos.com\/blog\/wp-json\/wp\/v2\/posts\/53\/revisions\/59"}],"wp:featuredmedia":[{"embeddable":true,"href":"http:\/\/www.cinemorelos.com\/blog\/wp-json\/wp\/v2\/media\/55"}],"wp:attachment":[{"href":"http:\/\/www.cinemorelos.com\/blog\/wp-json\/wp\/v2\/media?parent=53"}],"wp:term":[{"taxonomy":"category","embeddable":true,"href":"http:\/\/www.cinemorelos.com\/blog\/wp-json\/wp\/v2\/categories?post=53"},{"taxonomy":"post_tag","embeddable":true,"href":"http:\/\/www.cinemorelos.com\/blog\/wp-json\/wp\/v2\/tags?post=53"}],"curies":[{"name":"wp","href":"https:\/\/api.w.org\/{rel}","templated":true}]}}