{"id":44,"date":"2017-08-14T19:48:23","date_gmt":"2017-08-14T19:48:23","guid":{"rendered":"http:\/\/www.cinemorelos.com\/blog\/?p=44"},"modified":"2017-08-14T19:51:39","modified_gmt":"2017-08-14T19:51:39","slug":"gana-pases-dobles-para-la-funcion-especial-de-sieranevada","status":"publish","type":"post","link":"http:\/\/www.cinemorelos.com\/blog\/2017\/08\/14\/gana-pases-dobles-para-la-funcion-especial-de-sieranevada.htm","title":{"rendered":"Gana pases dobles para la FUNCI\u00d3N ESPECIAL de Sieranevada"},"content":{"rendered":"<p><a href=\"http:\/\/www.cinemorelos.com\/blog\/2017\/08\/11\/premier-sieranevada.htm\">Como les anunciamos en d\u00edas pasados<\/a>, este martes 15 de agosto tenemos una funci\u00f3n especial de la pel\u00edcula <a href=\"http:\/\/www.cinemorelos.com\/peliculas\/sieranevada-cristi-puiu.htm\">Sieranevada<\/a> (173 mins), misma que se realizar\u00e1 en Cin\u00e9polis Galer\u00edas Cuernavaca.<\/p>\n<p><img loading=\"lazy\" class=\"aligncenter size-full wp-image-46\" src=\"http:\/\/www.cinemorelos.com\/blog\/wp-content\/uploads\/2017\/08\/sieranevada-still-2.jpg\" alt=\"sieranevada still 2\" width=\"800\" height=\"500\" srcset=\"http:\/\/www.cinemorelos.com\/blog\/wp-content\/uploads\/2017\/08\/sieranevada-still-2.jpg 800w, http:\/\/www.cinemorelos.com\/blog\/wp-content\/uploads\/2017\/08\/sieranevada-still-2-300x188.jpg 300w, http:\/\/www.cinemorelos.com\/blog\/wp-content\/uploads\/2017\/08\/sieranevada-still-2-768x480.jpg 768w\" sizes=\"(max-width: 800px) 100vw, 800px\" \/><\/p>\n<p>Si deseas ganar pases dobles para asistir solo tienes que participar en la din\u00e1mica que hemos preparado.<\/p>\n<p><!--more--><\/p>\n<p>Las instrucciones son las siguientes:<\/p>\n<ul>\n<li>Si participas desde Twitter:\n<ul>\n<li>Dale RT a este tweet <a href=\"https:\/\/twitter.com\/elcinemorelos\/status\/897183304721481728\" target=\"_blank\" rel=\"noopener\">https:\/\/twitter.com\/elcinemorelos\/status\/897183304721481728<\/a><\/li>\n<li>Danos respuesta al tweet anterior para identificarte m\u00e1s f\u00e1cilmente.<\/li>\n<\/ul>\n<\/li>\n<li>Si participas desde Facebook:\n<ul>\n<li>Dale <em>like<\/em> o &lt;3 a esta publicaci\u00f3n <a href=\"https:\/\/www.facebook.com\/cinemorelos\/posts\/1643945138950408\" target=\"_blank\" rel=\"noopener\">https:\/\/www.facebook.com\/cinemorelos\/posts\/1643945138950408<\/a><\/li>\n<li>Deja un comentario en est\u00e1 misma publicaci\u00f3n (esto es muy importante, ya que si resultas ganador nos es m\u00e1s f\u00e1cil enviarte INBOX)<\/li>\n<\/ul>\n<\/li>\n<li>Entra a esta p\u00e1gina <a href=\"http:\/\/www.cinemorelos.com\/cinefilos\/trivia\/sieranevada\">http:\/\/www.cinemorelos.com\/cinefilos\/trivia\/sieranevada<\/a> y haz login a trav\u00e9s de la red social en la que hiciste los pasos anteriores y entra en la din\u00e1mica disponible de la FUNCI\u00d3N ESPECIAL de Sieranevada.<\/li>\n<li>Contesta las preguntas y adjunta tu captura que ah\u00ed se especifica.<\/li>\n<li>Env\u00eda tus respuestas.<\/li>\n<li>Espera los resultados que daremos a conocer a m\u00e1s tardar el martes 15 de agosto a las 14hrs.<\/li>\n<\/ul>\n<p>En caso de resultar ganador, te mandaremos DM si participaste por Twitter o INBOX si participaste por Facebook, para que confirmes tu asistencia a la funci\u00f3n.<\/p>\n<p><img loading=\"lazy\" class=\"aligncenter size-full wp-image-47\" src=\"http:\/\/www.cinemorelos.com\/blog\/wp-content\/uploads\/2017\/08\/sieranevada-still-3.jpg\" alt=\"sieranevada still 3\" width=\"800\" height=\"450\" srcset=\"http:\/\/www.cinemorelos.com\/blog\/wp-content\/uploads\/2017\/08\/sieranevada-still-3.jpg 800w, http:\/\/www.cinemorelos.com\/blog\/wp-content\/uploads\/2017\/08\/sieranevada-still-3-300x169.jpg 300w, http:\/\/www.cinemorelos.com\/blog\/wp-content\/uploads\/2017\/08\/sieranevada-still-3-768x432.jpg 768w\" sizes=\"(max-width: 800px) 100vw, 800px\" \/><\/p>\n<p>Esperamos que participes y puedas disfrutar de esta pel\u00edcula \ud83d\ude09<\/p>\n","protected":false},"excerpt":{"rendered":"<p><a href=\"http:\/\/www.cinemorelos.com\/blog\/2017\/08\/11\/premier-sieranevada.htm\">Como les anunciamos en d\u00edas pasados<\/a>, este martes 15 de agosto tenemos una funci\u00f3n especial de la pel\u00edcula <a href=\"http:\/\/www.cinemorelos.com\/peliculas\/sieranevada-cristi-puiu.htm\">Sieranevada<\/a> (173 mins), misma que se realizar\u00e1 en Cin\u00e9polis Galer\u00edas Cuernavaca.<\/p>\n","protected":false},"author":1,"featured_media":46,"comment_status":"open","ping_status":"open","sticky":false,"template":"","format":"standard","meta":[],"categories":[2],"tags":[],"_links":{"self":[{"href":"http:\/\/www.cinemorelos.com\/blog\/wp-json\/wp\/v2\/posts\/44"}],"collection":[{"href":"http:\/\/www.cinemorelos.com\/blog\/wp-json\/wp\/v2\/posts"}],"about":[{"href":"http:\/\/www.cinemorelos.com\/blog\/wp-json\/wp\/v2\/types\/post"}],"author":[{"embeddable":true,"href":"http:\/\/www.cinemorelos.com\/blog\/wp-json\/wp\/v2\/users\/1"}],"replies":[{"embeddable":true,"href":"http:\/\/www.cinemorelos.com\/blog\/wp-json\/wp\/v2\/comments?post=44"}],"version-history":[{"count":4,"href":"http:\/\/www.cinemorelos.com\/blog\/wp-json\/wp\/v2\/posts\/44\/revisions"}],"predecessor-version":[{"id":51,"href":"http:\/\/www.cinemorelos.com\/blog\/wp-json\/wp\/v2\/posts\/44\/revisions\/51"}],"wp:featuredmedia":[{"embeddable":true,"href":"http:\/\/www.cinemorelos.com\/blog\/wp-json\/wp\/v2\/media\/46"}],"wp:attachment":[{"href":"http:\/\/www.cinemorelos.com\/blog\/wp-json\/wp\/v2\/media?parent=44"}],"wp:term":[{"taxonomy":"category","embeddable":true,"href":"http:\/\/www.cinemorelos.com\/blog\/wp-json\/wp\/v2\/categories?post=44"},{"taxonomy":"post_tag","embeddable":true,"href":"http:\/\/www.cinemorelos.com\/blog\/wp-json\/wp\/v2\/tags?post=44"}],"curies":[{"name":"wp","href":"https:\/\/api.w.org\/{rel}","templated":true}]}}