{"id":128,"date":"2018-01-17T18:25:55","date_gmt":"2018-01-17T18:25:55","guid":{"rendered":"http:\/\/www.cinemorelos.com\/blog\/?p=128"},"modified":"2018-01-17T18:29:41","modified_gmt":"2018-01-17T18:29:41","slug":"premier-la-region-salvaje","status":"publish","type":"post","link":"http:\/\/www.cinemorelos.com\/blog\/2018\/01\/17\/premier-la-region-salvaje.htm","title":{"rendered":"[PREMIER] La Regi\u00f3n Salvaje"},"content":{"rendered":"<p>Cin\u00e9polis Distribuci\u00f3n y ECOCINEMA tienen el placer de presentar la PREMIER de La Regi\u00f3n Salvaje, la noche del jueves 18 de enero de 2017 en Cin\u00e9polis Galerias Cuernavaca.<\/p>\n<p><img loading=\"lazy\" class=\"aligncenter size-full wp-image-129\" src=\"http:\/\/www.cinemorelos.com\/blog\/wp-content\/uploads\/2018\/01\/la-region-salvaje.jpg\" alt=\"la region salvaje\" width=\"1800\" height=\"834\" srcset=\"http:\/\/www.cinemorelos.com\/blog\/wp-content\/uploads\/2018\/01\/la-region-salvaje.jpg 1800w, http:\/\/www.cinemorelos.com\/blog\/wp-content\/uploads\/2018\/01\/la-region-salvaje-300x139.jpg 300w, http:\/\/www.cinemorelos.com\/blog\/wp-content\/uploads\/2018\/01\/la-region-salvaje-768x356.jpg 768w, http:\/\/www.cinemorelos.com\/blog\/wp-content\/uploads\/2018\/01\/la-region-salvaje-1024x474.jpg 1024w\" sizes=\"(max-width: 1800px) 100vw, 1800px\" \/><\/p>\n<p>La pel\u00edcula es la\u00a0cuarta cinta de Amat Escalante, director mexicano, reconocido y multi-premiado a nivel internacional, mismo que acudir\u00e1 a presentar su largometraje.<\/p>\n<p><a href=\"http:\/\/www.cinemorelos.com\/peliculas\/la-region-salvaje-amat-escalante.htm\">Si desean conocer m\u00e1s acerca de esta pel\u00edcula, pueden visitar esta p\u00e1gina<\/a>.<\/p>\n<p>Ac\u00e1 les dejamos el trailer de la misma.<\/p>\n<p><iframe width=\"500\" height=\"281\" src=\"https:\/\/www.youtube.com\/embed\/xiD3xnsFD2s?feature=oembed\" frameborder=\"0\" allow=\"autoplay; encrypted-media\" allowfullscreen><\/iframe><\/p>\n<blockquote><p>CineMorelos.com ha sido invitado para llevar a <i>algunos fans cin\u00e9filos<\/i>\u00a0miembros de su comunidad, para ver esta pel\u00edcula, d\u00edas\u00a0antes de que sea puesta en cartelera para todo el p\u00fablico. La cita ser\u00e1 el jueves 18 de enero, por la noche en <em>Cin\u00e9polis Galerias Cuernavaca<\/em>. Los accesos ser\u00e1n otorgados a trav\u00e9s de las redes sociales de CineMorelos.com en <a href=\"https:\/\/www.facebook.com\/cinemorelos\/\">Facebook.com\/cinemorelos<\/a>, en <a href=\"https:\/\/www.instagram.com\/cinemorelos\/\">Instagram.com\/cinemorelos<\/a> en <a href=\"https:\/\/twitter.com\/elcinemorelos\">Twitter.com\/elcinemorelos<\/a>.<\/p><\/blockquote>\n<p>Participa y gana pases dobles!!!<\/p>\n<p>\ud83d\ude09<\/p>\n","protected":false},"excerpt":{"rendered":"<p>Cin\u00e9polis Distribuci\u00f3n y ECOCINEMA tienen el placer de presentar la PREMIER de La Regi\u00f3n Salvaje, la noche del jueves 18 de enero de 2017 en Cin\u00e9polis Galerias Cuernavaca.<\/p>\n","protected":false},"author":1,"featured_media":129,"comment_status":"open","ping_status":"open","sticky":false,"template":"","format":"standard","meta":[],"categories":[2],"tags":[],"_links":{"self":[{"href":"http:\/\/www.cinemorelos.com\/blog\/wp-json\/wp\/v2\/posts\/128"}],"collection":[{"href":"http:\/\/www.cinemorelos.com\/blog\/wp-json\/wp\/v2\/posts"}],"about":[{"href":"http:\/\/www.cinemorelos.com\/blog\/wp-json\/wp\/v2\/types\/post"}],"author":[{"embeddable":true,"href":"http:\/\/www.cinemorelos.com\/blog\/wp-json\/wp\/v2\/users\/1"}],"replies":[{"embeddable":true,"href":"http:\/\/www.cinemorelos.com\/blog\/wp-json\/wp\/v2\/comments?post=128"}],"version-history":[{"count":3,"href":"http:\/\/www.cinemorelos.com\/blog\/wp-json\/wp\/v2\/posts\/128\/revisions"}],"predecessor-version":[{"id":131,"href":"http:\/\/www.cinemorelos.com\/blog\/wp-json\/wp\/v2\/posts\/128\/revisions\/131"}],"wp:featuredmedia":[{"embeddable":true,"href":"http:\/\/www.cinemorelos.com\/blog\/wp-json\/wp\/v2\/media\/129"}],"wp:attachment":[{"href":"http:\/\/www.cinemorelos.com\/blog\/wp-json\/wp\/v2\/media?parent=128"}],"wp:term":[{"taxonomy":"category","embeddable":true,"href":"http:\/\/www.cinemorelos.com\/blog\/wp-json\/wp\/v2\/categories?post=128"},{"taxonomy":"post_tag","embeddable":true,"href":"http:\/\/www.cinemorelos.com\/blog\/wp-json\/wp\/v2\/tags?post=128"}],"curies":[{"name":"wp","href":"https:\/\/api.w.org\/{rel}","templated":true}]}}